{"id":84,"date":"2012-11-09T21:51:06","date_gmt":"2012-11-09T21:51:06","guid":{"rendered":"http:\/\/www.goteborgsyachtclub.org\/?p=84"},"modified":"2012-11-09T21:51:06","modified_gmt":"2012-11-09T21:51:06","slug":"hoestmoete-27-november","status":"publish","type":"post","link":"https:\/\/www.goteborgsyachtclub.org\/?p=84","title":{"rendered":"H\u00f6stm\u00f6te 27 november"},"content":{"rendered":"<p align=\"center\">V\u00e4lkomna till<\/p>\n<p align=\"center\">H\u00d6STM\u00d6TE tisdagen 27 november 2012 kl. 18.00<\/p>\n<p align=\"center\">GYC startar h\u00f6sts\u00e4songen med en fullsp\u00e4ckad klubbafton<\/p>\n<p align=\"center\">\u00a0<\/p>\n<p>1.\u00a0 H\u00f6stm\u00f6te med sedvanliga m\u00f6tesf\u00f6rhandlingar och utdelning av GYC Yachtsman of the Year 2012. OBS! Viktig punkt p\u00e5 dagordningen \u2013 kan och vill GYC vara anslutet till Svenska Seglarf\u00f6rbundet?<\/p>\n<p>2.\u00a0 Volvo Ocean Race \u2013 Martin Krite ber\u00e4ttar och visar bilder fr\u00e5n vinnande b\u00e5ten. Hur var det egentligen att segla med fransm\u00e4n? Sven \u00d6sterberg fr\u00e5n Volvo informerar om senaste nytt f\u00f6r n\u00e4sta VOR och den svenska tjejsatsningen. Superintressant!<\/p>\n<p>3.\u00a0 OS &#8211; hur var det att segla OS i Weymouth? Daniel Birgmark kommer f\u00f6r att ber\u00e4tta sin syn p\u00e5 seglingarna, konkurrenterna och mediebevakningen. Intervju med Rasmus Myrgren p\u00e5 l\u00e4nk fr\u00e5n USA.<\/p>\n<p>4.\u00a0 F\u00f6rt\u00e4ring \u2013 goda mackor, \u00f6l, kaffe &amp; kaka serveras till facilt pris.<\/p>\n<p align=\"center\">Sj\u00f6r\u00e4ddningens lokaler i L\u00e5ngedrag \u2013 klockan 18.00<\/p>\n<p align=\"center\">V\u00e4lkomna till en underh\u00e5llande GYC kv\u00e4ll!<strong><em><\/em><\/strong><\/p>\n<p align=\"center\"><strong><em>Anm\u00e4lan senast 26 november till Annika Gard <\/em><\/strong><a href=\"mailto:annika@bodygard.se\"><strong><em>annika@bodygard.se<\/em><\/strong><\/a><strong><em> eller <\/em><\/strong><\/p>\n<p align=\"center\"><strong><em>0704 833672<\/em><\/strong><\/p>\n","protected":false},"excerpt":{"rendered":"<p>V\u00e4lkomna till H\u00d6STM\u00d6TE tisdagen 27 november 2012 kl. 18.00 GYC startar h\u00f6sts\u00e4songen med en fullsp\u00e4ckad klubbafton \u00a0 1.\u00a0 H\u00f6stm\u00f6te med sedvanliga m\u00f6tesf\u00f6rhandlingar och utdelning av GYC Yachtsman of the Year 2012. OBS! Viktig punkt p\u00e5 dagordningen \u2013 kan och vill GYC vara anslutet till Svenska Seglarf\u00f6rbundet? 2.\u00a0 Volvo Ocean Race \u2013 Martin Krite ber\u00e4ttar och [&hellip;]<\/p>\n","protected":false},"author":1,"featured_media":0,"comment_status":"open","ping_status":"open","sticky":false,"template":"","format":"standard","meta":{"footnotes":""},"categories":[3],"tags":[],"class_list":["post-84","post","type-post","status-publish","format-standard","hentry","category-nyheter-nyheter"],"_links":{"self":[{"href":"https:\/\/www.goteborgsyachtclub.org\/index.php?rest_route=\/wp\/v2\/posts\/84","targetHints":{"allow":["GET"]}}],"collection":[{"href":"https:\/\/www.goteborgsyachtclub.org\/index.php?rest_route=\/wp\/v2\/posts"}],"about":[{"href":"https:\/\/www.goteborgsyachtclub.org\/index.php?rest_route=\/wp\/v2\/types\/post"}],"author":[{"embeddable":true,"href":"https:\/\/www.goteborgsyachtclub.org\/index.php?rest_route=\/wp\/v2\/users\/1"}],"replies":[{"embeddable":true,"href":"https:\/\/www.goteborgsyachtclub.org\/index.php?rest_route=%2Fwp%2Fv2%2Fcomments&post=84"}],"version-history":[{"count":0,"href":"https:\/\/www.goteborgsyachtclub.org\/index.php?rest_route=\/wp\/v2\/posts\/84\/revisions"}],"wp:attachment":[{"href":"https:\/\/www.goteborgsyachtclub.org\/index.php?rest_route=%2Fwp%2Fv2%2Fmedia&parent=84"}],"wp:term":[{"taxonomy":"category","embeddable":true,"href":"https:\/\/www.goteborgsyachtclub.org\/index.php?rest_route=%2Fwp%2Fv2%2Fcategories&post=84"},{"taxonomy":"post_tag","embeddable":true,"href":"https:\/\/www.goteborgsyachtclub.org\/index.php?rest_route=%2Fwp%2Fv2%2Ftags&post=84"}],"curies":[{"name":"wp","href":"https:\/\/api.w.org\/{rel}","templated":true}]}}